{"id":2919,"date":"2025-07-02T12:15:06","date_gmt":"2025-07-02T10:15:06","guid":{"rendered":"https:\/\/www.corporatehealthservices.ch\/?p=2919"},"modified":"2026-02-06T15:13:04","modified_gmt":"2026-02-06T14:13:04","slug":"chs-feiert-seinen-5-geburtstag","status":"publish","type":"post","link":"https:\/\/www.corporatehealthservices.ch\/de\/chs-feiert-seinen-5-geburtstag\/","title":{"rendered":"CHS feiert seinen 5. Geburtstag"},"content":{"rendered":"\n<p>Am 1. Juli 2020 erblickte Corporate Health Services das Licht der Welt. Unsere Mission hat sich seit dem ersten Tag nicht ge\u00e4ndert: Wir sind der Partner von Schweizer Unternehmen bei der Pr\u00e4vention, dem Management und der Begleitung von Absenzen.<\/p>\n\n\n\n<p>Heute blasen wir unsere f\u00fcnfte Kerze aus &#8211; mit grosser Dankbarkeit, viel Stolz und einer immer gr\u00f6sseren Motivation, innovativ zu sein und unsere Kunden zu begleiten.<\/p>\n\n\n\n<h2 class=\"wp-block-heading\">5 Jahre Engagement und Entwicklung<\/h2>\n\n\n\n<p>In den letzten f\u00fcnf Jahren ist CHS stark gewachsen, hat sich strukturiert und seine Rolle als vertrauensw\u00fcrdiger Partner f\u00fcr Unternehmen gest\u00e4rkt. Zu den markanten Entwicklungen geh\u00f6ren :<\/p>\n\n\n\n<ul class=\"wp-block-list\">\n<li>Die Entwicklung zahlreicher <strong>solider Partnerschaften<\/strong>, insbesondere mit <a href=\"https:\/\/www.forum-gse.ch\/\" title=\"Forum GSE Romandie\">Forum GSE Romandie<\/a>, <a href=\"https:\/\/oxadi.ch\/\" target=\"_blank\" rel=\"noopener\" title=\"oxadi\">oxadi<\/a>, <a href=\"https:\/\/www.flowit.ai\/\" target=\"_blank\" rel=\"noopener\" title=\"Flowit\">Flowit<\/a>, <a href=\"https:\/\/daringsuccess.net\/fr\/\" target=\"_blank\" rel=\"noopener\" title=\"Daring Success\">Daring Success<\/a>, <a href=\"https:\/\/www.mettonslecouvert.ch\/\" target=\"_blank\" rel=\"noopener\" title=\"Mettons le couvert\">Mettons le couvert<\/a>, <a href=\"https:\/\/hr-vaud.ch\/hr-barcamp-lausanne\/\" target=\"_blank\" rel=\"noopener\" title=\"HR Barcamp\">HR Barcamp<\/a>\u2026&nbsp;<\/li>\n\n\n\n<li><strong>Massgeschneiderte Dienstleistungen<\/strong>, die auf die Bed\u00fcrfnisse jedes Unternehmens, seine Realit\u00e4t und seine Mitarbeiter zugeschnitten sind.<\/li>\n\n\n\n<li>Eine <strong>hohe Kundenzufriedenheitsrate<\/strong>, die von der Relevanz unseres Ansatzes und der Qualit\u00e4t unserer Interventionen zeugt. <em>(51 von 59 Personen gaben an, mit der Qualit\u00e4t unseres Trainings zum Thema Absenzenmanagement sehr zufrieden zu sein!)<\/em><\/li>\n\n\n\n<li>Ein <strong>Team, das sich vergr\u00f6ssert <\/strong>und diversifiziert und vielf\u00e4ltige, sich erg\u00e4nzende Kompetenzen in den Bereichen betriebliche Gesundheit, Psychologie, Recht, Versicherungen, Mediation, Care und Case Management vereint.<\/li>\n\n\n\n<li>Eine <strong>verst\u00e4rkte Pr\u00e4senz <\/strong>in der West- und Deutschschweiz dank eines mehrsprachigen, zuh\u00f6renden und praxisnahen Teams.<\/li>\n<\/ul>\n\n\n\n<h2 class=\"wp-block-heading\">5 Jahre konkrete L\u00f6sungen f\u00fcr Unternehmen<\/h2>\n\n\n\n<p>Seit f\u00fcnf Jahren begleiten wir Unternehmen und bieten ihnen konkrete, agile und an ihre Realit\u00e4ten angepasste L\u00f6sungen an. Unsere Hauptinterventionsschwerpunkte sind :<\/p>\n\n\n\n<ul class=\"wp-block-list\">\n<li><strong>Absenzenmanagement<\/strong>, das \u00fcber unseren Dienst f\u00fcr systematisches Absenzenmanagement (Act4Better) f\u00fcr eine individuelle Betreuung und koordinierte Unterst\u00fctzung in komplexen Situationen gew\u00e4hrleistet wird.<\/li>\n\n\n\n<li><strong>Pr\u00e4vention psychosozialer Risiken<\/strong> (PSR) mit einem Ansatz auf mehreren Ebenen: Schulungen, Coachings, Gesundheitsaudits, pr\u00e4ventive Care sowie zug\u00e4ngliche Instrumente wie unsere Gesundheitslinie und die Person des Vertrauens im Unternehmen.<\/li>\n\n\n\n<li><strong>Care Management (vor oder w\u00e4hrend einer Arbeitsunterbrechung)<\/strong>, um Menschen in Schwierigkeiten auf menschliche und pr\u00e4ventive Weise zu unterst\u00fctzen, bevor die Situation komplexer wird.<\/li>\n\n\n\n<li><strong>Case Management<\/strong> bei komplexeren F\u00e4llen, um die beteiligten Akteure (Arbeitgeber, Versicherungen, medizinisches Netzwerk usw.) aktiv zu koordinieren und eine nachhaltige und realistische R\u00fcckkehr an den Arbeitsplatz zu f\u00f6rdern.<\/li>\n<\/ul>\n\n\n\n<h2 class=\"wp-block-heading\">5 Jahre in Zahlen<\/h2>\n\n\n\n<p>Seit 2020 haben wir :<\/p>\n\n\n\n<ul class=\"wp-block-list\">\n<li><strong>56 Firmenschulungen<\/strong> zu folgenden Themen geleitet: Absenzenmanagement, Stressmanagement, Bel\u00e4stigung und Mobbing, Ergonomie, Ern\u00e4hrung und Schlaf<\/li>\n\n\n\n<li><strong>1&#8217;334 systematische Anrufe<\/strong> durchgef\u00fchrt<\/li>\n\n\n\n<li>mit <strong>+ 140 Unternehmen<\/strong> zusammengearbeitet<\/li>\n\n\n\n<li>auf <strong>47 Gesundheitslinie<\/strong> geantwortet<\/li>\n\n\n\n<li>4 Events und 7 \u00dcberbetriebliche Schulungen mit \u00fcber <strong>210 Fachkr\u00e4ften<\/strong> organisiert.<\/li>\n<\/ul>\n\n\n\n<h2 class=\"wp-block-heading\">Ein kollektives Abenteuer<\/h2>\n\n\n\n<p>Diesen Weg verdanken wir vor allem Ihnen.<br>Unseren Kunden, die uns vertrauen.<br>Unseren Partnern, die sich an unserer Seite engagieren.<br>Allen Menschen in unserer Organisation, die zum Wachstum dieses Dienstes beigetragen haben und an uns glauben: unseren Vorgesetzten, Kollegen, internen Teams, dem Vertriebsnetz, der Marketingabteilung, den Maklern \u2026 <strong>Vielen Dank<\/strong>.<\/p>\n\n\n\n<h2 class=\"wp-block-heading\">Ein geselliger Moment zum 5-j\u00e4hrigen Jubil\u00e4um<\/h2>\n\n\n\n<p>Um diesen wichtigen Schritt zu feiern, haben wir am 1. Juli einen Aperitif im Beisein unseres Teams und der Personen, die intern eng mit uns zusammenarbeiten, veranstaltet. Ein herzlicher, einfacher und geselliger Moment, der den Geist widerspiegelt, der uns t\u00e4glich antreibt.<\/p>\n\n\n\n<p>\ud83d\udc49 Sehen Sie sich unten einige Fotos von diesem sch\u00f6nen gemeinsamen Moment an!<\/p>\n\n\n\r\n        <div class=\"gallery \"  style=\"\">\r\n            <div class=\"lightgallery row\">\r\n                                    <div class=\"grid-item col-6 col-md-4\" data-src=\"https:\/\/www.corporatehealthservices.ch\/wp-content\/uploads\/2025\/07\/MG_6808-scaled.jpg\" >\r\n                        <a href=\"\" class=\"gallery-item\">\r\n                            <img loading=\"lazy\" decoding=\"async\" width=\"2560\" height=\"1707\" src=\"https:\/\/www.corporatehealthservices.ch\/wp-content\/uploads\/2025\/07\/MG_6808-scaled.jpg\" class=\"attachment-gallery-thumb size-gallery-thumb\" alt=\"\" srcset=\"https:\/\/www.corporatehealthservices.ch\/wp-content\/uploads\/2025\/07\/MG_6808-scaled.jpg 2560w, https:\/\/www.corporatehealthservices.ch\/wp-content\/uploads\/2025\/07\/MG_6808-300x200.jpg 300w, https:\/\/www.corporatehealthservices.ch\/wp-content\/uploads\/2025\/07\/MG_6808-1024x683.jpg 1024w, https:\/\/www.corporatehealthservices.ch\/wp-content\/uploads\/2025\/07\/MG_6808-768x512.jpg 768w, https:\/\/www.corporatehealthservices.ch\/wp-content\/uploads\/2025\/07\/MG_6808-1536x1024.jpg 1536w, https:\/\/www.corporatehealthservices.ch\/wp-content\/uploads\/2025\/07\/MG_6808-2048x1365.jpg 2048w, https:\/\/www.corporatehealthservices.ch\/wp-content\/uploads\/2025\/07\/MG_6808-450x300.jpg 450w\" sizes=\"auto, (max-width: 2560px) 100vw, 2560px\" \/>                            <div class=\"gallery-overlay\"><\/div>\r\n                        <\/a>\r\n                    <\/div>\r\n                                    <div class=\"grid-item col-6 col-md-4\" data-src=\"https:\/\/www.corporatehealthservices.ch\/wp-content\/uploads\/2025\/07\/MG_6792-scaled.jpg\" >\r\n                        <a href=\"\" class=\"gallery-item\">\r\n                            <img loading=\"lazy\" decoding=\"async\" width=\"2560\" height=\"1707\" src=\"https:\/\/www.corporatehealthservices.ch\/wp-content\/uploads\/2025\/07\/MG_6792-scaled.jpg\" class=\"attachment-gallery-thumb size-gallery-thumb\" alt=\"\" srcset=\"https:\/\/www.corporatehealthservices.ch\/wp-content\/uploads\/2025\/07\/MG_6792-scaled.jpg 2560w, https:\/\/www.corporatehealthservices.ch\/wp-content\/uploads\/2025\/07\/MG_6792-300x200.jpg 300w, https:\/\/www.corporatehealthservices.ch\/wp-content\/uploads\/2025\/07\/MG_6792-1024x683.jpg 1024w, https:\/\/www.corporatehealthservices.ch\/wp-content\/uploads\/2025\/07\/MG_6792-768x512.jpg 768w, https:\/\/www.corporatehealthservices.ch\/wp-content\/uploads\/2025\/07\/MG_6792-1536x1024.jpg 1536w, https:\/\/www.corporatehealthservices.ch\/wp-content\/uploads\/2025\/07\/MG_6792-2048x1365.jpg 2048w, https:\/\/www.corporatehealthservices.ch\/wp-content\/uploads\/2025\/07\/MG_6792-450x300.jpg 450w\" sizes=\"auto, (max-width: 2560px) 100vw, 2560px\" \/>                            <div class=\"gallery-overlay\"><\/div>\r\n                        <\/a>\r\n                    <\/div>\r\n                                    <div class=\"grid-item col-6 col-md-4\" data-src=\"https:\/\/www.corporatehealthservices.ch\/wp-content\/uploads\/2025\/07\/MG_6787-scaled.jpg\" >\r\n                        <a href=\"\" class=\"gallery-item\">\r\n                            <img loading=\"lazy\" decoding=\"async\" width=\"2560\" height=\"1707\" src=\"https:\/\/www.corporatehealthservices.ch\/wp-content\/uploads\/2025\/07\/MG_6787-scaled.jpg\" class=\"attachment-gallery-thumb size-gallery-thumb\" alt=\"\" srcset=\"https:\/\/www.corporatehealthservices.ch\/wp-content\/uploads\/2025\/07\/MG_6787-scaled.jpg 2560w, https:\/\/www.corporatehealthservices.ch\/wp-content\/uploads\/2025\/07\/MG_6787-300x200.jpg 300w, https:\/\/www.corporatehealthservices.ch\/wp-content\/uploads\/2025\/07\/MG_6787-1024x683.jpg 1024w, https:\/\/www.corporatehealthservices.ch\/wp-content\/uploads\/2025\/07\/MG_6787-768x512.jpg 768w, https:\/\/www.corporatehealthservices.ch\/wp-content\/uploads\/2025\/07\/MG_6787-1536x1024.jpg 1536w, https:\/\/www.corporatehealthservices.ch\/wp-content\/uploads\/2025\/07\/MG_6787-2048x1365.jpg 2048w, https:\/\/www.corporatehealthservices.ch\/wp-content\/uploads\/2025\/07\/MG_6787-450x300.jpg 450w\" sizes=\"auto, (max-width: 2560px) 100vw, 2560px\" \/>                            <div class=\"gallery-overlay\"><\/div>\r\n                        <\/a>\r\n                    <\/div>\r\n                                    <div class=\"grid-item col-6 col-md-4\" data-src=\"https:\/\/www.corporatehealthservices.ch\/wp-content\/uploads\/2025\/07\/MG_6768-scaled.jpg\" >\r\n                        <a href=\"\" class=\"gallery-item\">\r\n                            <img loading=\"lazy\" decoding=\"async\" width=\"2560\" height=\"1707\" src=\"https:\/\/www.corporatehealthservices.ch\/wp-content\/uploads\/2025\/07\/MG_6768-scaled.jpg\" class=\"attachment-gallery-thumb size-gallery-thumb\" alt=\"\" srcset=\"https:\/\/www.corporatehealthservices.ch\/wp-content\/uploads\/2025\/07\/MG_6768-scaled.jpg 2560w, https:\/\/www.corporatehealthservices.ch\/wp-content\/uploads\/2025\/07\/MG_6768-300x200.jpg 300w, https:\/\/www.corporatehealthservices.ch\/wp-content\/uploads\/2025\/07\/MG_6768-1024x683.jpg 1024w, https:\/\/www.corporatehealthservices.ch\/wp-content\/uploads\/2025\/07\/MG_6768-768x512.jpg 768w, https:\/\/www.corporatehealthservices.ch\/wp-content\/uploads\/2025\/07\/MG_6768-1536x1024.jpg 1536w, https:\/\/www.corporatehealthservices.ch\/wp-content\/uploads\/2025\/07\/MG_6768-2048x1365.jpg 2048w, https:\/\/www.corporatehealthservices.ch\/wp-content\/uploads\/2025\/07\/MG_6768-450x300.jpg 450w\" sizes=\"auto, (max-width: 2560px) 100vw, 2560px\" \/>                            <div class=\"gallery-overlay\"><\/div>\r\n                        <\/a>\r\n                    <\/div>\r\n                                    <div class=\"grid-item col-6 col-md-4\" data-src=\"https:\/\/www.corporatehealthservices.ch\/wp-content\/uploads\/2025\/07\/MG_6755-scaled.jpg\" >\r\n                        <a href=\"\" class=\"gallery-item\">\r\n                            <img loading=\"lazy\" decoding=\"async\" width=\"2560\" height=\"1707\" src=\"https:\/\/www.corporatehealthservices.ch\/wp-content\/uploads\/2025\/07\/MG_6755-scaled.jpg\" class=\"attachment-gallery-thumb size-gallery-thumb\" alt=\"\" srcset=\"https:\/\/www.corporatehealthservices.ch\/wp-content\/uploads\/2025\/07\/MG_6755-scaled.jpg 2560w, https:\/\/www.corporatehealthservices.ch\/wp-content\/uploads\/2025\/07\/MG_6755-300x200.jpg 300w, https:\/\/www.corporatehealthservices.ch\/wp-content\/uploads\/2025\/07\/MG_6755-1024x683.jpg 1024w, https:\/\/www.corporatehealthservices.ch\/wp-content\/uploads\/2025\/07\/MG_6755-768x512.jpg 768w, https:\/\/www.corporatehealthservices.ch\/wp-content\/uploads\/2025\/07\/MG_6755-1536x1024.jpg 1536w, https:\/\/www.corporatehealthservices.ch\/wp-content\/uploads\/2025\/07\/MG_6755-2048x1365.jpg 2048w, https:\/\/www.corporatehealthservices.ch\/wp-content\/uploads\/2025\/07\/MG_6755-450x300.jpg 450w\" sizes=\"auto, (max-width: 2560px) 100vw, 2560px\" \/>                            <div class=\"gallery-overlay\"><\/div>\r\n                        <\/a>\r\n                    <\/div>\r\n                                    <div class=\"grid-item col-6 col-md-4\" data-src=\"https:\/\/www.corporatehealthservices.ch\/wp-content\/uploads\/2025\/07\/MG_6754-scaled.jpg\" >\r\n                        <a href=\"\" class=\"gallery-item\">\r\n                            <img loading=\"lazy\" decoding=\"async\" width=\"2560\" height=\"1707\" src=\"https:\/\/www.corporatehealthservices.ch\/wp-content\/uploads\/2025\/07\/MG_6754-scaled.jpg\" class=\"attachment-gallery-thumb size-gallery-thumb\" alt=\"\" srcset=\"https:\/\/www.corporatehealthservices.ch\/wp-content\/uploads\/2025\/07\/MG_6754-scaled.jpg 2560w, https:\/\/www.corporatehealthservices.ch\/wp-content\/uploads\/2025\/07\/MG_6754-300x200.jpg 300w, https:\/\/www.corporatehealthservices.ch\/wp-content\/uploads\/2025\/07\/MG_6754-1024x683.jpg 1024w, https:\/\/www.corporatehealthservices.ch\/wp-content\/uploads\/2025\/07\/MG_6754-768x512.jpg 768w, https:\/\/www.corporatehealthservices.ch\/wp-content\/uploads\/2025\/07\/MG_6754-1536x1024.jpg 1536w, https:\/\/www.corporatehealthservices.ch\/wp-content\/uploads\/2025\/07\/MG_6754-2048x1365.jpg 2048w, https:\/\/www.corporatehealthservices.ch\/wp-content\/uploads\/2025\/07\/MG_6754-450x300.jpg 450w\" sizes=\"auto, (max-width: 2560px) 100vw, 2560px\" \/>                            <div class=\"gallery-overlay\"><\/div>\r\n                        <\/a>\r\n                    <\/div>\r\n                            <\/div>\r\n        <\/div>\r\n    ","protected":false},"excerpt":{"rendered":"<p>Am 1. Juli 2020 erblickte Corporate Health Services das Licht der Welt. Unsere Mission hat sich seit dem ersten Tag nicht ge\u00e4ndert: Wir sind der Partner von Schweizer Unternehmen bei der Pr\u00e4vention, dem Management und der Begleitung von Absenzen. Heute blasen wir unsere f\u00fcnfte Kerze aus &#8211; mit grosser Dankbarkeit, viel Stolz und einer immer [&hellip;]<\/p>\n","protected":false},"author":4,"featured_media":2956,"comment_status":"closed","ping_status":"closed","sticky":false,"template":"","format":"standard","meta":{"_acf_changed":false,"footnotes":""},"categories":[2],"tags":[],"class_list":["post-2919","post","type-post","status-publish","format-standard","has-post-thumbnail","hentry","category-nachrichten"],"acf":[],"aioseo_notices":[],"_links":{"self":[{"href":"https:\/\/www.corporatehealthservices.ch\/de\/wp-json\/wp\/v2\/posts\/2919","targetHints":{"allow":["GET"]}}],"collection":[{"href":"https:\/\/www.corporatehealthservices.ch\/de\/wp-json\/wp\/v2\/posts"}],"about":[{"href":"https:\/\/www.corporatehealthservices.ch\/de\/wp-json\/wp\/v2\/types\/post"}],"author":[{"embeddable":true,"href":"https:\/\/www.corporatehealthservices.ch\/de\/wp-json\/wp\/v2\/users\/4"}],"replies":[{"embeddable":true,"href":"https:\/\/www.corporatehealthservices.ch\/de\/wp-json\/wp\/v2\/comments?post=2919"}],"version-history":[{"count":3,"href":"https:\/\/www.corporatehealthservices.ch\/de\/wp-json\/wp\/v2\/posts\/2919\/revisions"}],"predecessor-version":[{"id":2982,"href":"https:\/\/www.corporatehealthservices.ch\/de\/wp-json\/wp\/v2\/posts\/2919\/revisions\/2982"}],"wp:featuredmedia":[{"embeddable":true,"href":"https:\/\/www.corporatehealthservices.ch\/de\/wp-json\/wp\/v2\/media\/2956"}],"wp:attachment":[{"href":"https:\/\/www.corporatehealthservices.ch\/de\/wp-json\/wp\/v2\/media?parent=2919"}],"wp:term":[{"taxonomy":"category","embeddable":true,"href":"https:\/\/www.corporatehealthservices.ch\/de\/wp-json\/wp\/v2\/categories?post=2919"},{"taxonomy":"post_tag","embeddable":true,"href":"https:\/\/www.corporatehealthservices.ch\/de\/wp-json\/wp\/v2\/tags?post=2919"}],"curies":[{"name":"wp","href":"https:\/\/api.w.org\/{rel}","templated":true}]}}